{"id":75,"date":"2022-02-07T10:04:55","date_gmt":"2022-02-07T10:04:55","guid":{"rendered":"https:\/\/cocemfetenerife.org\/?p=75"},"modified":"2022-02-07T10:05:47","modified_gmt":"2022-02-07T10:05:47","slug":"visita-a-cocemfe-las-palmas","status":"publish","type":"post","link":"https:\/\/cocemfetenerife.org\/index.php\/2022\/02\/07\/visita-a-cocemfe-las-palmas\/","title":{"rendered":"Visita a Cocemfe Las Palmas"},"content":{"rendered":"\n<p>El Viernes 5 de noviembre nuestra Presidenta, Antonia de Le\u00f3n y la Secretaria Beatriz Garc\u00eda, se desplazaron a Gran canaria para visitar las instalaciones de Cocemfe Las Palmas, donde se reunieron con varias personas del Equipo de Trabajo, de cara a conocer sus proyectos y l\u00edneas de actuaci\u00f3n, y establecer l\u00edneas de colaboraci\u00f3n de futuras. <\/p>\n","protected":false},"excerpt":{"rendered":"<p>El Viernes 5 de noviembre nuestra Presidenta, Antonia de Le\u00f3n y la Secretaria Beatriz Garc\u00eda, se desplazaron a Gran canaria para visitar las instalaciones de Cocemfe Las Palmas, donde se reunieron con varias personas del Equipo de Trabajo, de cara a conocer sus proyectos y l\u00edneas de actuaci\u00f3n, y establecer l\u00edneas de colaboraci\u00f3n de futuras.<\/p>\n","protected":false},"author":2,"featured_media":74,"comment_status":"open","ping_status":"open","sticky":false,"template":"","format":"standard","meta":{"_et_pb_use_builder":"","_et_pb_old_content":"","_et_gb_content_width":"","footnotes":""},"categories":[1],"tags":[],"class_list":["post-75","post","type-post","status-publish","format-standard","has-post-thumbnail","hentry","category-uncategorized"],"_links":{"self":[{"href":"https:\/\/cocemfetenerife.org\/index.php\/wp-json\/wp\/v2\/posts\/75","targetHints":{"allow":["GET"]}}],"collection":[{"href":"https:\/\/cocemfetenerife.org\/index.php\/wp-json\/wp\/v2\/posts"}],"about":[{"href":"https:\/\/cocemfetenerife.org\/index.php\/wp-json\/wp\/v2\/types\/post"}],"author":[{"embeddable":true,"href":"https:\/\/cocemfetenerife.org\/index.php\/wp-json\/wp\/v2\/users\/2"}],"replies":[{"embeddable":true,"href":"https:\/\/cocemfetenerife.org\/index.php\/wp-json\/wp\/v2\/comments?post=75"}],"version-history":[{"count":2,"href":"https:\/\/cocemfetenerife.org\/index.php\/wp-json\/wp\/v2\/posts\/75\/revisions"}],"predecessor-version":[{"id":77,"href":"https:\/\/cocemfetenerife.org\/index.php\/wp-json\/wp\/v2\/posts\/75\/revisions\/77"}],"wp:featuredmedia":[{"embeddable":true,"href":"https:\/\/cocemfetenerife.org\/index.php\/wp-json\/wp\/v2\/media\/74"}],"wp:attachment":[{"href":"https:\/\/cocemfetenerife.org\/index.php\/wp-json\/wp\/v2\/media?parent=75"}],"wp:term":[{"taxonomy":"category","embeddable":true,"href":"https:\/\/cocemfetenerife.org\/index.php\/wp-json\/wp\/v2\/categories?post=75"},{"taxonomy":"post_tag","embeddable":true,"href":"https:\/\/cocemfetenerife.org\/index.php\/wp-json\/wp\/v2\/tags?post=75"}],"curies":[{"name":"wp","href":"https:\/\/api.w.org\/{rel}","templated":true}]}}